{"id":1065,"date":"2023-11-21T10:07:39","date_gmt":"2023-11-21T09:07:39","guid":{"rendered":"http:\/\/lesoeils.fr\/?p=1065"},"modified":"2023-11-21T10:07:41","modified_gmt":"2023-11-21T09:07:41","slug":"les-tripedas","status":"publish","type":"post","link":"http:\/\/lesoeils.fr\/en\/creations\/les-tripedas\/","title":{"rendered":"Les tripedas"},"content":{"rendered":"<p>Trip\u00e9das are self-supporting modular structures that assemble into a terrace (variable height), benches, or a standing table. While lighting the area thanks to the elements added to the corners: branches, lampshades, twists, botanicals, etc.<\/p>\n\n\n\n<p>The public space of an event can thus be occupied on several levels, standing or seated. We can also imagine supports of different heights (book fair, merchandising stand, etc.)<\/p>","protected":false},"excerpt":{"rendered":"Les Trip\u00e9das sont des structures modulables autoport\u00e9es qui s\u2019assemblent en une terrasse (hauteur variable), des bancs, ou un mange-debout. Tout en \u00e9clairant la zone gr\u00e2ce aux \u00e9l\u00e9ments qui s\u2019ajoutent aux angles : branches, abats-jour, tortillons, botaniques, etc\u2026. L\u2019espace public d\u2019un \u00e9v\u00e8nements peux ainsi \u00eatre occup\u00e9 \u00e0 plusieurs niveaux, debout ou assis. On peut aussi imaginer [&hellip;]","protected":false},"author":3,"featured_media":1074,"comment_status":"open","ping_status":"open","sticky":false,"template":"","format":"standard","meta":{"footnotes":""},"categories":[3],"tags":[40,36,37,41,42,38,35,39,34],"class_list":["post-1065","post","type-post","status-publish","format-standard","has-post-thumbnail","hentry","category-creations","tag-abat-jour","tag-banc","tag-bar","tag-botaniques","tag-botaniques-excentriques","tag-mouettes","tag-terrasse","tag-tortilles","tag-tripdedas"],"_links":{"self":[{"href":"http:\/\/lesoeils.fr\/en\/wp-json\/wp\/v2\/posts\/1065","targetHints":{"allow":["GET"]}}],"collection":[{"href":"http:\/\/lesoeils.fr\/en\/wp-json\/wp\/v2\/posts"}],"about":[{"href":"http:\/\/lesoeils.fr\/en\/wp-json\/wp\/v2\/types\/post"}],"author":[{"embeddable":true,"href":"http:\/\/lesoeils.fr\/en\/wp-json\/wp\/v2\/users\/3"}],"replies":[{"embeddable":true,"href":"http:\/\/lesoeils.fr\/en\/wp-json\/wp\/v2\/comments?post=1065"}],"version-history":[{"count":4,"href":"http:\/\/lesoeils.fr\/en\/wp-json\/wp\/v2\/posts\/1065\/revisions"}],"predecessor-version":[{"id":1117,"href":"http:\/\/lesoeils.fr\/en\/wp-json\/wp\/v2\/posts\/1065\/revisions\/1117"}],"wp:featuredmedia":[{"embeddable":true,"href":"http:\/\/lesoeils.fr\/en\/wp-json\/wp\/v2\/media\/1074"}],"wp:attachment":[{"href":"http:\/\/lesoeils.fr\/en\/wp-json\/wp\/v2\/media?parent=1065"}],"wp:term":[{"taxonomy":"category","embeddable":true,"href":"http:\/\/lesoeils.fr\/en\/wp-json\/wp\/v2\/categories?post=1065"},{"taxonomy":"post_tag","embeddable":true,"href":"http:\/\/lesoeils.fr\/en\/wp-json\/wp\/v2\/tags?post=1065"}],"curies":[{"name":"wp","href":"https:\/\/api.w.org\/{rel}","templated":true}]}}